{"id":14126,"date":"2026-09-01T12:05:00","date_gmt":"2026-09-01T15:05:00","guid":{"rendered":"https:\/\/djsound.com.br\/?p=14126"},"modified":"2026-09-01T07:09:47","modified_gmt":"2026-09-01T10:09:47","slug":"sofi-tukker-tera-show-unico-em-sao-paulo","status":"publish","type":"post","link":"https:\/\/djsound.com.br\/?p=14126","title":{"rendered":"SOFI TUKKER ter\u00e1 show \u00fanico em S\u00e3o Paulo"},"content":{"rendered":"\n<p class=\"wp-block-paragraph\">Com S\u00e3o Paulo consolidada como a segunda cidade que mais consome SOFI TUKKER no mundo, o duo anuncia seu retorno aos palcos paulistanos em show pr\u00f3prio ap\u00f3s sete anosDuo de m\u00fasica eletr\u00f4nica se apresenta no dia 05 de setembro, na festa Tangerica, em evento que re\u00fane tamb\u00e9m MLQ 2N, kLap e Donaflor.<\/p>\n\n\n\n<p class=\"wp-block-paragraph\">Neste s\u00e1bado,&nbsp;<a href=\"https:\/\/www.instagram.com\/sofitukker\/?hl=pt\" rel=\"noopener\" target=\"_blank\"><strong><u>SOFI TUKKER<\/u><\/strong><\/a>&nbsp;se apresenta em&nbsp;<strong>S\u00e3o Paulo,&nbsp;<\/strong>v\u00e9spera de sua apresenta\u00e7\u00e3o no Rock in Rio. O duo, conhecido mundialmente por misturar house e pop, ser\u00e1 destaque na festa&nbsp;<a href=\"https:\/\/www.instagram.com\/eu.tangerica\/\" rel=\"noopener\" target=\"_blank\"><strong><u>Tangerica<\/u><\/strong><\/a>&nbsp;no dia&nbsp;<strong>5 de setembro<\/strong>, no<strong>&nbsp;<\/strong>Sonora Garden. A apresenta\u00e7\u00e3o marca a \u00fanica passagem dos artistas pela capital paulista durante sua vinda ao Brasil. A programa\u00e7\u00e3o conta, ainda, com&nbsp;<strong>MLQ 2N<\/strong>,&nbsp;<strong>kLap<\/strong>&nbsp;e&nbsp;<strong>Donaflor<\/strong>.&nbsp;<a href=\"https:\/\/gdya.dance\/sofi-tukker-em-sp-tangerica-festa-d788\" rel=\"noopener\" target=\"_blank\"><strong><u>Informa\u00e7\u00f5es e ingressos!<\/u><\/strong><\/a><\/p>\n\n\n\n<p class=\"wp-block-paragraph\">Formado por&nbsp;<a href=\"https:\/\/www.instagram.com\/sophiehawleyweld\/\" rel=\"noopener\" target=\"_blank\"><u>Sophie Hawley-Weld<\/u><\/a>&nbsp;e&nbsp;<a href=\"https:\/\/www.instagram.com\/themothertukker\/\" rel=\"noopener\" target=\"_blank\"><u>Tucker Halpern<\/u><\/a>, o&nbsp;<strong>SOFI TUKKER<\/strong>&nbsp;construiu uma trajet\u00f3ria marcada pela combina\u00e7\u00e3o entre m\u00fasica eletr\u00f4nica e refer\u00eancias da cultura brasileira. Parte dessa conex\u00e3o vem da pr\u00f3pria hist\u00f3ria de Sophie, que viveu no Brasil durante a juventude e incorporou o portugu\u00eas \u00e0s composi\u00e7\u00f5es da dupla. O projeto recebeu indica\u00e7\u00f5es ao&nbsp;<em>Grammy Awards 2017<\/em>&nbsp;com o single &#8220;<em>Drinkee<\/em>&#8221; e o \u00e1lbum<em>&nbsp;Treehouse<\/em>, e, desde ent\u00e3o, lan\u00e7ou os discos&nbsp;<em>WET TENNIS, BREAD<\/em>&nbsp;e&nbsp;<em>butter<\/em>, al\u00e9m de sucessos como&nbsp;<em>&#8220;Best Friend&#8221;<\/em>&nbsp;e&nbsp;<em>&#8220;Purple Hat&#8221;.&nbsp;<\/em>Alguns dos destaques de seus projetos s\u00e3o as colabora\u00e7\u00f5es com&nbsp;<strong>Seu Jorge<\/strong>,&nbsp;<strong>Liniker, Silva&nbsp;<\/strong>e<strong>&nbsp;Rael,<\/strong>&nbsp;refor\u00e7ando a rela\u00e7\u00e3o da dupla tamb\u00e9m com a MPB, samba e bossa nova.<\/p>\n\n\n\n<p class=\"wp-block-paragraph\">Ao longo da carreira, o duo passou por festivais como&nbsp;<strong>Coachella&nbsp;<\/strong>e&nbsp;<strong>Tomorrowland&nbsp;<\/strong>e foi headliner de palcos como<strong>&nbsp;Red Rocks&nbsp;<\/strong>e&nbsp;<strong>Forest Hills Stadium<\/strong>. A apresenta\u00e7\u00e3o em S\u00e3o Paulo acontece depois de sete anos (\u00faltima vez que tocaram na cidade) em meio \u00e0 divulga\u00e7\u00e3o de &#8220;COOK&#8221;, parceria com J Balvin que marca o in\u00edcio da rela\u00e7\u00e3o da dupla com a Republic Records.&nbsp;<a href=\"https:\/\/open.spotify.com\/intl-pt\/track\/4H2rI43vuXJuUrRIMxknzA?si=8d72e64b46714382\" rel=\"noopener\" target=\"_blank\"><strong>Ou\u00e7a aqui!<\/strong><\/a><strong>&nbsp;<\/strong><\/p>\n\n\n\n<p class=\"wp-block-paragraph\">Al\u00e9m de SOFI TUKKER, a festa Tangerica re\u00fane&nbsp;<a href=\"https:\/\/www.instagram.com\/mlq2noficial\/\" rel=\"noopener\" target=\"_blank\"><strong><u>MLQ 2N<\/u><\/strong><\/a>, produtor e DJ carioca conhecido pelos remixes que aproximam o funk brasileiro a sucessos internacionais;<strong>&nbsp;<\/strong><a href=\"https:\/\/www.instagram.com\/klapthis\/\" rel=\"noopener\" target=\"_blank\"><strong><u>kLap<\/u><\/strong><\/a>, produtor de Bras\u00edlia que combina bass music, funk carioca e afrobeat e j\u00e1 passou por festivais como o The Town; e<strong>&nbsp;<\/strong><a href=\"https:\/\/www.instagram.com\/___donaflor___?igsh=N3NjdWQxZ3duMGpm\" rel=\"noopener\" target=\"_blank\"><strong><u>Donaflor<\/u><\/strong><\/a>, projeto musical e DJ que combina house contempor\u00e2neo com ritmos brasileiros como samba, bossa nova e jazz.<br>&nbsp;<\/p>\n\n\n\n<p class=\"wp-block-paragraph\">A programa\u00e7\u00e3o reflete a proposta da\u00a0<a href=\"https:\/\/www.instagram.com\/lsdco.tv?igsh=MXQzb2dqcWZ3MmppZg==\" target=\"_blank\" rel=\"noopener\"><strong><u>lsd.co<\/u><\/strong><\/a><strong>\u00a0&#8211; Label Services & Dancing Company<\/strong>\u00a0&#8211; companhia idealizadora da Tangerica &#8211; de ser uma plataforma de difus\u00e3o cultural que promove o encontro entre artistas brasileiros e internacionais, explorando os diferentes caminhos da m\u00fasica de baile, do house ao funk.<\/p>\n\n\n\n<figure class=\"wp-block-image size-large\"><img fetchpriority=\"high\" decoding=\"async\" width=\"1024\" height=\"944\" src=\"https:\/\/djsound.com.br\/wp-content\/uploads\/2026\/09\/IMG_20260901_070749-1024x944.jpg\" alt=\"\" class=\"wp-image-14128\" srcset=\"https:\/\/djsound.com.br\/wp-content\/uploads\/2026\/09\/IMG_20260901_070749-1024x944.jpg 1024w, https:\/\/djsound.com.br\/wp-content\/uploads\/2026\/09\/IMG_20260901_070749-300x277.jpg 300w, https:\/\/djsound.com.br\/wp-content\/uploads\/2026\/09\/IMG_20260901_070749-768x708.jpg 768w, https:\/\/djsound.com.br\/wp-content\/uploads\/2026\/09\/IMG_20260901_070749-150x138.jpg 150w, https:\/\/djsound.com.br\/wp-content\/uploads\/2026\/09\/IMG_20260901_070749-450x415.jpg 450w, https:\/\/djsound.com.br\/wp-content\/uploads\/2026\/09\/IMG_20260901_070749.jpg 1080w\" sizes=\"(max-width: 1024px) 100vw, 1024px\" \/><figcaption class=\"wp-element-caption\">SOFI TUKKER<\/figcaption><\/figure>\n\n\n\n<p class=\"has-text-color has-link-color wp-elements-1 wp-block-paragraph\" style=\"color:#ec0b43\"><strong>Servi\u00e7o:<\/strong><\/p>\n\n\n\n<p class=\"wp-block-paragraph\"><strong>SOFI TUKKER @ Tangerica (festa) + MLQ 2N, kLap, Donaflor<\/strong><\/p>\n\n\n\n<p class=\"wp-block-paragraph\"><strong>Quando:<\/strong>&nbsp;5 de setembro (s\u00e1bado)<\/p>\n\n\n\n<p class=\"wp-block-paragraph\"><strong>Local:<\/strong>&nbsp;Sorona Garden &#8211; R. Comendador Nestor Pereira, 33 &#8211; Canind\u00e9, S\u00e3o Paulo<\/p>\n\n\n\n<p class=\"wp-block-paragraph\"><strong>Hor\u00e1rios:<\/strong><\/p>\n\n\n\n<p class=\"wp-block-paragraph\"><strong>22h00-23h30 \u2014 Tangerica djs<\/strong><\/p>\n\n\n\n<p class=\"wp-block-paragraph\"><strong>23h30- 01h00 \u2014 kLap<\/strong><\/p>\n\n\n\n<p class=\"wp-block-paragraph\"><strong>01h00-02h30 \u2014 MLQ 2N<\/strong><\/p>\n\n\n\n<p class=\"wp-block-paragraph\"><strong>02h30-04h00 \u2014 SOFI TUKKER<\/strong><\/p>\n\n\n\n<p class=\"wp-block-paragraph\"><strong>04h00-05h30 \u2014 Donaflor<\/strong><\/p>\n\n\n\n<p class=\"wp-block-paragraph\"><strong>Ingressos via Gandaya<\/strong>:&nbsp;<a href=\"https:\/\/gdya.dance\/sofi-tukker-em-sp-tangerica-festa-d788\" rel=\"noopener\" target=\"_blank\">Link<\/a>&nbsp;<\/p>\n\n\n\n<p class=\"wp-block-paragraph\"><br><strong>Informa\u00e7\u00f5es:&nbsp;<\/strong><a href=\"https:\/\/www.instagram.com\/eu.tangerica\/\" rel=\"noopener\" target=\"_blank\">Link<\/a>&nbsp;<\/p>\n","protected":false},"excerpt":{"rendered":"<p>Com S\u00e3o Paulo consolidada como a segunda cidade que mais consome SOFI TUKKER no mundo, o duo anuncia seu retorno aos palcos paulistanos em show pr\u00f3prio ap\u00f3s sete anosDuo de<\/p>\n","protected":false},"author":2,"featured_media":14127,"comment_status":"closed","ping_status":"closed","sticky":false,"template":"","format":"standard","meta":{"footnotes":""},"categories":[4],"tags":[6],"class_list":["post-14126","post","type-post","status-publish","format-standard","has-post-thumbnail","category-eventos","tag-ces21"],"_links":{"self":[{"href":"https:\/\/djsound.com.br\/index.php?rest_route=\/wp\/v2\/posts\/14126","targetHints":{"allow":["GET"]}}],"collection":[{"href":"https:\/\/djsound.com.br\/index.php?rest_route=\/wp\/v2\/posts"}],"about":[{"href":"https:\/\/djsound.com.br\/index.php?rest_route=\/wp\/v2\/types\/post"}],"author":[{"embeddable":true,"href":"https:\/\/djsound.com.br\/index.php?rest_route=\/wp\/v2\/users\/2"}],"replies":[{"embeddable":true,"href":"https:\/\/djsound.com.br\/index.php?rest_route=%2Fwp%2Fv2%2Fcomments&post=14126"}],"version-history":[{"count":1,"href":"https:\/\/djsound.com.br\/index.php?rest_route=\/wp\/v2\/posts\/14126\/revisions"}],"predecessor-version":[{"id":14129,"href":"https:\/\/djsound.com.br\/index.php?rest_route=\/wp\/v2\/posts\/14126\/revisions\/14129"}],"wp:featuredmedia":[{"embeddable":true,"href":"https:\/\/djsound.com.br\/index.php?rest_route=\/wp\/v2\/media\/14127"}],"wp:attachment":[{"href":"https:\/\/djsound.com.br\/index.php?rest_route=%2Fwp%2Fv2%2Fmedia&parent=14126"}],"wp:term":[{"taxonomy":"category","embeddable":true,"href":"https:\/\/djsound.com.br\/index.php?rest_route=%2Fwp%2Fv2%2Fcategories&post=14126"},{"taxonomy":"post_tag","embeddable":true,"href":"https:\/\/djsound.com.br\/index.php?rest_route=%2Fwp%2Fv2%2Ftags&post=14126"}],"curies":[{"name":"wp","href":"https:\/\/api.w.org\/{rel}","templated":true}]}}