{"id":14228,"date":"2026-09-02T16:00:00","date_gmt":"2026-09-02T19:00:00","guid":{"rendered":"https:\/\/djsound.com.br\/?p=14228"},"modified":"2026-09-02T15:36:27","modified_gmt":"2026-09-02T18:36:27","slug":"rock-in-rio-faz-procura-por-viagens-da-aguia-branca-para-o-rio-de-janeiro-crescer","status":"publish","type":"post","link":"https:\/\/djsound.com.br\/?p=14228","title":{"rendered":"Rock in Rio faz procura por viagens da \u00c1guia Branca para o Rio de Janeiro crescer"},"content":{"rendered":"\n<p class=\"wp-block-paragraph\">O feriad\u00e3o da Independ\u00eancia do Brasil, de 4 a 7 de setembro, elevou em 58,8% a procura por viagens da Via\u00e7\u00e3o \u00c1guia Branca com destino ao Rio de Janeiro. A empresa transportar\u00e1 quase 11 mil passageiros somente nos dias 4 e 5, que concentram o movimento de ida e coincidem com o primeiro fim de semana do Rock in Rio, contra 6.801 passageiros no feriado de Tiradentes, em abril, escolhido como refer\u00eancia por tamb\u00e9m ter contado com quatro dias de recesso. Como a estimativa considera apenas os dois primeiros dias do feriad\u00e3o, o movimento total deve crescer com os retornos previstos para 7 de setembro e pode superar 20 mil passageiros.<\/p>\n\n\n\n<p class=\"wp-block-paragraph\">Para atender \u00e0 procura, a empresa programou 120 viagens extras, al\u00e9m das 259 regulares com destino \u00e0 capital fluminense, totalizando 379 viagens. A opera\u00e7\u00e3o contempla chegadas nos terminais Rio de Janeiro, Barra da Tijuca, Campo Grande e Bangu e representa um refor\u00e7o de 46,3% sobre a grade regular, que ainda poder\u00e1 ser ampliado conforme a demanda at\u00e9 o fim do feriad\u00e3o.<\/p>\n\n\n\n<p class=\"wp-block-paragraph\">S\u00e3o Paulo (SP) \u00e9 a principal origem dos passageiros com destino ao Rio de Janeiro, considerando os terminais do Tiet\u00ea, Barra Funda e Itaquera. O Esp\u00edrito Santo (ES) aparece na sequ\u00eancia, com embarques em Vit\u00f3ria e Vila Velha, seguido por Tr\u00eas Rios (RJ), S\u00e3o Bernardo do Campo (SP), Curitiba (PR) e Governador Valadares (MG). O levantamento refor\u00e7a a dimens\u00e3o interestadual do movimento para a capital fluminense em um feriado que coincide com a realiza\u00e7\u00e3o de um dos principais eventos do calend\u00e1rio nacional.<\/p>\n\n\n\n<p class=\"wp-block-paragraph\">Outros destinos tamb\u00e9m registram aumento na procura por passagens. Vit\u00f3ria (ES) ter\u00e1 um dia adicional de folga, j\u00e1 que 8 de setembro \u00e9 anivers\u00e1rio da capital capixaba, o que pode prolongar a perman\u00eancia de quem sai do Esp\u00edrito Santo e ampliar o fluxo de chegada \u00e0 cidade. A \u00c1guia Branca estima transportar 7.752 passageiros com destino a Vit\u00f3ria, alta de 58,1%, indicando uma movimenta\u00e7\u00e3o maior de passageiros chegando \u00e0 capital do que deixando a cidade. Salvador (BA) registra crescimento de 38,4%, enquanto Aracaju (SE) apresenta alta de 112%.<\/p>\n\n\n\n<p class=\"wp-block-paragraph\">Para diretor de Neg\u00f3cios da Via\u00e7\u00e3o, Thiago Juffo, a maior procura pelo transporte rodovi\u00e1rio em feriados prolongados est\u00e1 relacionada \u00e0 praticidade e \u00e0 possibilidade de transformar o deslocamento em parte da experi\u00eancia de viagem. &#8220;Em per\u00edodos como esse, em que muitas pessoas aproveitam alguns dias de folga para viajar ou participar de grandes eventos, o transporte rodovi\u00e1rio oferece uma combina\u00e7\u00e3o importante de capilaridade, variedade de hor\u00e1rios e conforto. O passageiro consegue sair de diferentes cidades e chegar diretamente aos destinos, o que torna o \u00f4nibus uma alternativa bastante conveniente para esse tipo de deslocamento&#8221;, afirma.<\/p>\n\n\n\n<p class=\"wp-block-paragraph\">A Via\u00e7\u00e3o \u00c1guia Branca oferece servi\u00e7os semileito, leito e leito-cama, presentes atualmente em aproximadamente 51,57% da frota. Os ve\u00edculos contam com poltronas com maior reclina\u00e7\u00e3o e espa\u00e7o entre os assentos, Wi-Fi, entradas USB individuais e suportes para celular com carregamento integrado. Em algumas localidades, os passageiros tamb\u00e9m t\u00eam acesso a salas VIP e servi\u00e7o de bordo com \u00e1gua, al\u00e9m de maior franquia de bagagem e flexibilidade para remarca\u00e7\u00f5es e cancelamentos.<\/p>\n\n\n\n<p class=\"wp-block-paragraph\">Com a previs\u00e3o de maior circula\u00e7\u00e3o nos terminais de embarque e desembarque, Juffo orienta os passageiros a se organizarem antes da viagem. &#8220;Em per\u00edodos de maior movimento, alguns cuidados ajudam a evitar imprevistos e tornam a experi\u00eancia mais tranquila. A recomenda\u00e7\u00e3o \u00e9 conferir a documenta\u00e7\u00e3o, acompanhar as informa\u00e7\u00f5es da viagem e manter celulares, bolsas e outros objetos pessoais sempre por perto&#8221;, ressalta o diretor de Neg\u00f3cios da \u00c1guia Branca.<\/p>\n\n\n\n<p class=\"wp-block-paragraph\"><strong>Sobre a \u00c1guia Branca<\/strong><\/p>\n\n\n\n<p class=\"wp-block-paragraph\">A Via\u00e7\u00e3o \u00c1guia Branca, empresa de transporte rodovi\u00e1rio de passageiros do Grupo \u00c1guia Branca, tem o prop\u00f3sito de mover o mundo com excel\u00eancia e respeito \u00e0s pessoas. Fundada h\u00e1 80 anos, a empresa \u00e9 l\u00edder em todos os mercados em que atua. Investindo continuamente em seguran\u00e7a, conforto e qualidade, a \u00c1guia Branca promove excel\u00eancia em experi\u00eancias de viagem para cerca de 9 milh\u00f5es de passageiros por ano e atua em mais de 750 localidades em nove estados &#8211; Esp\u00edrito Santo, Bahia, Rio de Janeiro, S\u00e3o Paulo, Minas Gerais, Paran\u00e1, Alagoas, Sergipe e Pernambuco.<\/p>\n","protected":false},"excerpt":{"rendered":"<p>O feriad\u00e3o da Independ\u00eancia do Brasil, de 4 a 7 de setembro, elevou em 58,8% a procura por viagens da Via\u00e7\u00e3o \u00c1guia Branca com destino ao Rio de Janeiro. A<\/p>\n","protected":false},"author":2,"featured_media":14229,"comment_status":"closed","ping_status":"closed","sticky":false,"template":"","format":"standard","meta":{"footnotes":""},"categories":[4],"tags":[10],"class_list":["post-14228","post","type-post","status-publish","format-standard","has-post-thumbnail","category-eventos","tag-trending"],"_links":{"self":[{"href":"https:\/\/djsound.com.br\/index.php?rest_route=\/wp\/v2\/posts\/14228","targetHints":{"allow":["GET"]}}],"collection":[{"href":"https:\/\/djsound.com.br\/index.php?rest_route=\/wp\/v2\/posts"}],"about":[{"href":"https:\/\/djsound.com.br\/index.php?rest_route=\/wp\/v2\/types\/post"}],"author":[{"embeddable":true,"href":"https:\/\/djsound.com.br\/index.php?rest_route=\/wp\/v2\/users\/2"}],"replies":[{"embeddable":true,"href":"https:\/\/djsound.com.br\/index.php?rest_route=%2Fwp%2Fv2%2Fcomments&post=14228"}],"version-history":[{"count":1,"href":"https:\/\/djsound.com.br\/index.php?rest_route=\/wp\/v2\/posts\/14228\/revisions"}],"predecessor-version":[{"id":14230,"href":"https:\/\/djsound.com.br\/index.php?rest_route=\/wp\/v2\/posts\/14228\/revisions\/14230"}],"wp:featuredmedia":[{"embeddable":true,"href":"https:\/\/djsound.com.br\/index.php?rest_route=\/wp\/v2\/media\/14229"}],"wp:attachment":[{"href":"https:\/\/djsound.com.br\/index.php?rest_route=%2Fwp%2Fv2%2Fmedia&parent=14228"}],"wp:term":[{"taxonomy":"category","embeddable":true,"href":"https:\/\/djsound.com.br\/index.php?rest_route=%2Fwp%2Fv2%2Fcategories&post=14228"},{"taxonomy":"post_tag","embeddable":true,"href":"https:\/\/djsound.com.br\/index.php?rest_route=%2Fwp%2Fv2%2Ftags&post=14228"}],"curies":[{"name":"wp","href":"https:\/\/api.w.org\/{rel}","templated":true}]}}