{"id":14232,"date":"2026-09-02T23:59:00","date_gmt":"2026-09-03T02:59:00","guid":{"rendered":"https:\/\/djsound.com.br\/?p=14232"},"modified":"2026-09-02T20:42:33","modified_gmt":"2026-09-02T23:42:33","slug":"vortex-trilha-digital-que-ajuda-artistas-a-transformar-a-carreira-de-forma-estrategica","status":"publish","type":"post","link":"https:\/\/djsound.com.br\/?p=14232","title":{"rendered":"Vortex: trilha digital que ajuda artistas a transformar a carreira de forma estrat\u00e9gica"},"content":{"rendered":"\n<p class=\"wp-block-paragraph\">Vortex inicia primeira fase com trilha digital para ajudar artistas a transformar a carreira de forma estrat\u00e9gica.<\/p>\n\n\n\n<p class=\"wp-block-paragraph\">Programa gratuito do Instituto Abramus j\u00e1 est\u00e1 com conte\u00fados dispon\u00edveis\u00a0em plataforma pr\u00f3pria e mant\u00e9m inscri\u00e7\u00f5es abertas at\u00e9 14 de setembro para artistas de todo o Brasil.<\/p>\n\n\n\n<p class=\"wp-block-paragraph\">A carreira musical come\u00e7a a ganhar novos caminhos quando talento e criatividade encontram informa\u00e7\u00e3o, planejamento e estrat\u00e9gia. \u00c9 a partir desta premissa que o Vortex, programa gratuito de acelera\u00e7\u00e3o de carreiras musicais do Instituto Abramus, iniciou sua primeira fase de Autocapacita\u00e7\u00e3o Digital. Basta se inscrever na plataforma para ter acesso a uma trilha de conte\u00fados online criada para ajudar a refletir sobre diferentes aspectos da carreira \u2014 da constru\u00e7\u00e3o da identidade art\u00edstica \u00e0 audi\u00eancia, composi\u00e7\u00e3o, direitos autorais, monetiza\u00e7\u00e3o, lan\u00e7amentos e mercado. O per\u00edodo de inscri\u00e7\u00f5es se estende at\u00e9 o dia 14 de setembro, atrav\u00e9s do site oficial do projeto (acesse aqui).<\/p>\n\n\n\n<p class=\"wp-block-paragraph\">A iniciativa, desenvolvida pelo Instituto Abramus em parceria com a StrmMusic e a Gramo, foi estruturada como uma jornada de desenvolvimento em tr\u00eas fases, que combina tecnologia, forma\u00e7\u00e3o especializada, diagn\u00f3stico de carreira, mentoria e conex\u00e3o com o mercado. Nesta primeira etapa, os participantes acessam conte\u00fados, respondem a quizzes, realizam atividades e passam por um diagn\u00f3stico inicial de est\u00e1gio de carreira oferecido pela StrmMusic. A participa\u00e7\u00e3o \u00e9 aberta a artistas e bandas maiores de 18 anos, brasileiros ou estrangeiros residentes no Brasil, com trabalho autoral pr\u00f3prio ou em desenvolvimento, independentemente do g\u00eanero musical ou do est\u00e1gio da carreira, sem estabelecer v\u00ednculo contratual de grava\u00e7\u00e3o, edi\u00e7\u00e3o ou exclusividade. Para ingressar nesta primeira etapa, n\u00e3o \u00e9 necess\u00e1rio ser associado \u00e0 Abramus, nem ter m\u00fasicas lan\u00e7adas, gravadora, editora ou contrato de agenciamento.<\/p>\n\n\n\n<p class=\"wp-block-paragraph\">Mais do que disponibilizar uma s\u00e9rie de conte\u00fados independentes, o Vortex prop\u00f5e uma trilha de reflex\u00e3o guiada. Os temas foram organizados de maneira progressiva para que cada etapa da jornada ajude o artista a compreender o que \u00e9 priorit\u00e1rio em sua carreira antes de avan\u00e7ar para o pr\u00f3ximo assunto. &#8220;A ordem dessa curadoria foi pensada n\u00e3o para dar todas as respostas, mas para que a reflex\u00e3o sobre a sua carreira tenha um trilho de pensamento. As reflex\u00f5es v\u00e3o sendo encadeadas e ganham camadas adicionais conforme a pessoa avan\u00e7a no conte\u00fado&#8221;, explica Dani Ribas, coordenadora do Instituto Abramus.<\/p>\n\n\n\n<p class=\"wp-block-paragraph\">O primeiro bloco de conte\u00fado \u00e9 dedicado \u00e0 identidade e ao branding, temas que, segundo Dani, representam um dos pontos cr\u00edticos para artistas em diferentes momentos da trajet\u00f3ria. A proposta n\u00e3o \u00e9 oferecer uma f\u00f3rmula para que cada participante encontre sua identidade, mas estimular uma reflex\u00e3o sobre como ela \u00e9 constru\u00edda e comunicada. &#8220;Todo mundo diz que voc\u00ea tem que ser aut\u00eantico, que tem que ser voc\u00ea mesmo, que tem que falar a sua verdade. Mas ningu\u00e9m diz como fazer isso. O que a gente quer aqui n\u00e3o \u00e9 dar uma f\u00f3rmula ou uma receita de bolo, mas dar in\u00edcio a uma reflex\u00e3o&#8221;, afirma.<\/p>\n\n\n\n<p class=\"wp-block-paragraph\">A partir da\u00ed, os conte\u00fados avan\u00e7am para composi\u00e7\u00e3o e comunidade, seguidos pelos fundamentos dos direitos autorais, tema que ocupa um papel central na profissionaliza\u00e7\u00e3o do artista. Na sequ\u00eancia, entram remunera\u00e7\u00e3o e monetiza\u00e7\u00e3o, profissionaliza\u00e7\u00e3o e lan\u00e7amentos e, por fim, mercado, shows e a\u00e7\u00f5es fora da caixa.<\/p>\n\n\n\n<p class=\"wp-block-paragraph\">A organiza\u00e7\u00e3o da trilha acompanha uma l\u00f3gica de aprofundamento. Para o Instituto Abramus, compreender direitos autorais, por exemplo, n\u00e3o deve ser visto como um conhecimento restrito ao universo jur\u00eddico, mas como parte da infraestrutura econ\u00f4mica necess\u00e1ria para que o m\u00fasico possa viver de sua pr\u00f3pria produ\u00e7\u00e3o. O percurso busca, assim, conectar diferentes dimens\u00f5es da carreira e ajudar o artista a enxergar como elas se relacionam. &#8220;Para o artista, pode ser dif\u00edcil, porque parece que existem 500 frentes que se abrem ao mesmo tempo. Mas o que organiza todas essas frentes? O que \u00e9 importante agora? Essa trilha espera conduzir um pouco essa reflex\u00e3o e esse processo, que pode ser t\u00e3o ca\u00f3tico&#8221;, explica Dani.<\/p>\n\n\n\n<p class=\"wp-block-paragraph\">A pr\u00f3pria ideia do Vortex est\u00e1 relacionada a esse movimento. O conceito parte da imagem de algo amplo que vai se afunilando para um n\u00facleo e, depois, volta a abrir possibilidades. Em um mercado musical com m\u00faltiplas oportunidades, caminhos e demandas, a primeira fase do programa procura, justamente, criar um percurso para que o artista consiga identificar o que \u00e9 relevante para seu momento e construir, a partir da\u00ed, uma vis\u00e3o mais estrat\u00e9gica de sua trajet\u00f3ria. &#8220;Com esse guia de conte\u00fados, a gente vai afunilando para um lugar em que voc\u00ea entende o que \u00e9 importante em uma carreira. Depois, ao passar pelas tr\u00eas fases do Vortex, esperamos que o artista volte a ter m\u00faltiplas possibilidades, mas com uma condu\u00e7\u00e3o clara deste percurso&#8221;, completa Dani.<\/p>\n\n\n\n<p class=\"wp-block-paragraph\">DA CAPACITA\u00c7\u00c3O DIGITAL \u00c0 EXPERI\u00caNCIA COM O MERCADO<\/p>\n\n\n\n<p class=\"wp-block-paragraph\">A primeira fase \u00e9 o ponto de partida de uma jornada que se torna progressivamente mais aprofundada. Ao final da etapa digital, at\u00e9 100 artistas ser\u00e3o selecionados para a Fase 2, que re\u00fane workshops, mentorias, um diagn\u00f3stico completo de carreira e atividades voltadas ao planejamento estrat\u00e9gico dos projetos. Nessa etapa, os participantes tamb\u00e9m contar\u00e3o com o Quincy, agente de intelig\u00eancia artificial da StrmMusic, para apoiar a estrutura\u00e7\u00e3o de seus microprojetos e pitches.<\/p>\n\n\n\n<p class=\"wp-block-paragraph\">A terceira e \u00faltima fase levar\u00e1 at\u00e9 10 artistas para uma resid\u00eancia art\u00edstica presencial em S\u00e3o Paulo, com capacita\u00e7\u00f5es, mentorias, atividades colaborativas, showcase e encontros com profissionais da ind\u00fastria musical.<\/p>\n\n\n\n<p class=\"wp-block-paragraph\">O programa tem dura\u00e7\u00e3o aproximada de quatro meses, entre agosto e novembro de 2026. As Fases 1 e 2 s\u00e3o realizadas integralmente online, permitindo a participa\u00e7\u00e3o de artistas de qualquer regi\u00e3o do pa\u00eds. Apenas a terceira etapa exige presen\u00e7a f\u00edsica em S\u00e3o Paulo.<\/p>\n\n\n\n<p class=\"wp-block-paragraph\">INSCRI\u00c7\u00d5ES CONTINUAM ABERTAS<\/p>\n\n\n\n<p class=\"wp-block-paragraph\">Mesmo com a primeira fase j\u00e1 em andamento, ainda \u00e9 poss\u00edvel se inscrever para participar do Vortex. As inscri\u00e7\u00f5es permanecem abertas at\u00e9 14 de setembro e a Fase 1 segue at\u00e9 21 de setembro. Os conte\u00fados podem ser acessados e assistidos novamente durante esse per\u00edodo.<\/p>\n\n\n\n<p class=\"wp-block-paragraph\">Para o Instituto Abramus, a proposta \u00e9 que o Vortex funcione como um processo cont\u00ednuo de desenvolvimento, capaz de transformar informa\u00e7\u00e3o em estrat\u00e9gia e ajudar artistas a compreenderem melhor o est\u00e1gio em que est\u00e3o e os caminhos poss\u00edveis para avan\u00e7ar. Ao combinar conhecimento, tecnologia e uma curadoria humana, o programa busca criar uma jornada mais estruturada para profissionais que querem transformar seus projetos musicais em carreiras mais sustent\u00e1veis.<\/p>\n\n\n\n<p class=\"wp-block-paragraph\">SOBRE O VORTEX<\/p>\n\n\n\n<p class=\"wp-block-paragraph\">O Vortex \u00e9 um programa gratuito de acelera\u00e7\u00e3o de carreiras musicais criado pelo Instituto Abramus para fortalecer a profissionaliza\u00e7\u00e3o e a sustentabilidade de artistas em diferentes est\u00e1gios de suas trajet\u00f3rias. Combinando diagn\u00f3stico tecnol\u00f3gico, forma\u00e7\u00e3o especializada, mentorias, gamifica\u00e7\u00e3o e experi\u00eancias presenciais, o programa conecta conhecimento, dados e desenvolvimento humano para ampliar o acesso ao mercado da m\u00fasica. A iniciativa \u00e9 realizada pelo Instituto Abramus, plataforma de projetos estrat\u00e9gicos e de impacto da Abramus (Associa\u00e7\u00e3o Brasileira de M\u00fasica e Artes), em parceria com a StrmMusic, respons\u00e1vel pela tecnologia e pelos diagn\u00f3sticos de carreira, e a Gramo, idealizadora da metodologia e do desenho estrat\u00e9gico do programa. Saiba mais sobre cada organiza\u00e7\u00e3o aqui<\/p>\n","protected":false},"excerpt":{"rendered":"<p>Vortex inicia primeira fase com trilha digital para ajudar artistas a transformar a carreira de forma estrat\u00e9gica. Programa gratuito do Instituto Abramus j\u00e1 est\u00e1 com conte\u00fados dispon\u00edveis\u00a0em plataforma pr\u00f3pria e<\/p>\n","protected":false},"author":2,"featured_media":14233,"comment_status":"closed","ping_status":"closed","sticky":false,"template":"","format":"standard","meta":{"footnotes":""},"categories":[2],"tags":[10],"class_list":["post-14232","post","type-post","status-publish","format-standard","has-post-thumbnail","category-news","tag-trending"],"_links":{"self":[{"href":"https:\/\/djsound.com.br\/index.php?rest_route=\/wp\/v2\/posts\/14232","targetHints":{"allow":["GET"]}}],"collection":[{"href":"https:\/\/djsound.com.br\/index.php?rest_route=\/wp\/v2\/posts"}],"about":[{"href":"https:\/\/djsound.com.br\/index.php?rest_route=\/wp\/v2\/types\/post"}],"author":[{"embeddable":true,"href":"https:\/\/djsound.com.br\/index.php?rest_route=\/wp\/v2\/users\/2"}],"replies":[{"embeddable":true,"href":"https:\/\/djsound.com.br\/index.php?rest_route=%2Fwp%2Fv2%2Fcomments&post=14232"}],"version-history":[{"count":1,"href":"https:\/\/djsound.com.br\/index.php?rest_route=\/wp\/v2\/posts\/14232\/revisions"}],"predecessor-version":[{"id":14234,"href":"https:\/\/djsound.com.br\/index.php?rest_route=\/wp\/v2\/posts\/14232\/revisions\/14234"}],"wp:featuredmedia":[{"embeddable":true,"href":"https:\/\/djsound.com.br\/index.php?rest_route=\/wp\/v2\/media\/14233"}],"wp:attachment":[{"href":"https:\/\/djsound.com.br\/index.php?rest_route=%2Fwp%2Fv2%2Fmedia&parent=14232"}],"wp:term":[{"taxonomy":"category","embeddable":true,"href":"https:\/\/djsound.com.br\/index.php?rest_route=%2Fwp%2Fv2%2Fcategories&post=14232"},{"taxonomy":"post_tag","embeddable":true,"href":"https:\/\/djsound.com.br\/index.php?rest_route=%2Fwp%2Fv2%2Ftags&post=14232"}],"curies":[{"name":"wp","href":"https:\/\/api.w.org\/{rel}","templated":true}]}}