{"id":14244,"date":"2026-09-02T23:39:00","date_gmt":"2026-09-03T02:39:00","guid":{"rendered":"https:\/\/djsound.com.br\/?p=14244"},"modified":"2026-09-02T20:57:25","modified_gmt":"2026-09-02T23:57:25","slug":"the-monic-toca-no-rock-in-rio-com-a-artista-raidol","status":"publish","type":"post","link":"https:\/\/djsound.com.br\/?p=14244","title":{"rendered":"The Monic toca no Rock in Rio com a artista Raidol"},"content":{"rendered":"\n<p class=\"wp-block-paragraph\">A banda paulistana The M\u00f6nic retorna ao Rock in Rio em 2026 para sua segunda participa\u00e7\u00e3o no festival. Depois de estrear no Palco Supernova em 2024, a banda ser\u00e1 <strong>headliner do Coke Studio<\/strong>, a convite da <strong>Billboard Brasil e da Coca-Cola<\/strong>, no s\u00e1bado, 5 de setembro, \u00e0s 21h10.<\/p>\n\n\n\n<p class=\"wp-block-paragraph\">Em uma sonoridade que atravessa grunge, punk e hardcore, o grupo apresenta m\u00fasicas do disco <em>Cuidado Voc\u00ea Deluxe [2024]<\/em>, lan\u00e7ado pela Deck e produzido por Rafael Ramos (produtor de consagrados artistas como Pitty, Alceu Valen\u00e7a, Elza Soares, Tit\u00e3s, entre outros). Consolidando sua presen\u00e7a nos grandes palcos do pa\u00eds passando por festivais como <strong>The Town, Knotfest<\/strong>, <strong>Por\u00e3o do Rock<\/strong>, e at\u00e9 internacionais como <strong>Rock Al Parque<\/strong>, a banda vem <strong><\/strong>construindo uma trajet\u00f3ria marcada pela for\u00e7a do ao vivo e pela busca por novas conex\u00f5es dentro da m\u00fasica brasileira.<\/p>\n\n\n\n<p class=\"wp-block-paragraph\">Para a apresenta\u00e7\u00e3o no Coke Studio, a banda convida <strong>Raidol<\/strong>, artista paraense e um dos nomes da nova m\u00fasica amaz\u00f4nica contempor\u00e2nea. O encontro d\u00e1 continuidade a uma parceria que come\u00e7ou no The Town, em 2025, quando as duas artistas dividiram o palco pela primeira vez.<\/p>\n\n\n\n<p class=\"wp-block-paragraph\"><em>&#8220;Voltar a dividir um palco com a The M\u00f6nic, agora no Rock in Rio, \u00e9 muito especial. Acredito muito nesses encontros que aproximam territ\u00f3rios, refer\u00eancias e hist\u00f3rias diferentes. Levar a Amaz\u00f4nia para esse palco e construir essa troca com elas \u00e9 uma forma de mostrar a pot\u00eancia que existe quando a gente se permite atravessar por outros universos.&#8221;<\/em><\/p>\n\n\n\n<p class=\"wp-block-paragraph\">Para a The M\u00f6nic, a participa\u00e7\u00e3o de Raidol representa uma caracter\u00edstica que acompanha a banda ao longo de sua trajet\u00f3ria:<\/p>\n\n\n\n<p class=\"wp-block-paragraph\"><em>&#8220;Viver mais um Rock in Rio j\u00e1 \u00e9 demais, mas viver esse momento ao lado da nossa parceira Raidol torna tudo ainda mais especial. Acreditamos muito na for\u00e7a do coletivo e em trazer novas refer\u00eancias para dentro de um g\u00eanero que, muitas vezes, ainda ocupa seus espa\u00e7os de forma muito fechada. Dividir o palco com uma artista amaz\u00f4nida de tanta pot\u00eancia \u00e9 celebrar o encontro entre duas regi\u00f5es distantes geograficamente, mas que, quando colidem, podem criar algo especial&#8221;,<\/em> pontua Dani Buarque, vocalista e guitarrista da banda.<\/p>\n\n\n\n<figure class=\"wp-block-image size-large\"><img fetchpriority=\"high\" decoding=\"async\" width=\"828\" height=\"1024\" src=\"https:\/\/djsound.com.br\/wp-content\/uploads\/2026\/09\/IMG_20260902_205525-828x1024.jpg\" alt=\"\" class=\"wp-image-14246\" srcset=\"https:\/\/djsound.com.br\/wp-content\/uploads\/2026\/09\/IMG_20260902_205525-828x1024.jpg 828w, https:\/\/djsound.com.br\/wp-content\/uploads\/2026\/09\/IMG_20260902_205525-243x300.jpg 243w, https:\/\/djsound.com.br\/wp-content\/uploads\/2026\/09\/IMG_20260902_205525-768x949.jpg 768w, https:\/\/djsound.com.br\/wp-content\/uploads\/2026\/09\/IMG_20260902_205525-150x185.jpg 150w, https:\/\/djsound.com.br\/wp-content\/uploads\/2026\/09\/IMG_20260902_205525-450x556.jpg 450w, https:\/\/djsound.com.br\/wp-content\/uploads\/2026\/09\/IMG_20260902_205525.jpg 1080w\" sizes=\"(max-width: 828px) 100vw, 828px\" \/><figcaption class=\"wp-element-caption\">The Monic<\/figcaption><\/figure>\n\n\n\n<p class=\"wp-block-paragraph\">O encontro tamb\u00e9m marca a atua\u00e7\u00e3o da <strong>Xaninho Discos<\/strong>, ag\u00eancia de booking que representa tanto a The M\u00f6nic quanto Raidol. A ag\u00eancia aposta na cria\u00e7\u00e3o de conex\u00f5es entre artistas de diferentes g\u00eaneros, cenas e regi\u00f5es do pa\u00eds, fortalecendo a circula\u00e7\u00e3o e o encontro como ferramentas para ampliar os espa\u00e7os da m\u00fasica brasileira.&nbsp;<\/p>\n\n\n\n<p class=\"wp-block-paragraph\">Al\u00e9m do show da The M\u00f6nic no Coke Studio, o dia 5 tamb\u00e9m marca uma participa\u00e7\u00e3o especial de <strong>Dani Buarque<\/strong>, vocalista e guitarrista da banda, no show da MC Taya, \u00e0s 16h, no Palco Supernova. A programa\u00e7\u00e3o conjunta se estende para al\u00e9m do festival: no dia 6, <strong>The M\u00f6nic e MC Taya<\/strong> se apresentam na abertura do show da <strong>Nova Twins<\/strong>, no Cine Joia, em S\u00e3o Paulo, dando continuidade a um fim de semana marcado por encontros entre diferentes artistas e vertentes da m\u00fasica alternativa.<\/p>\n\n\n\n<figure class=\"wp-block-image size-large\"><img decoding=\"async\" width=\"819\" height=\"1024\" src=\"https:\/\/djsound.com.br\/wp-content\/uploads\/2026\/09\/IMG_20260902_205544-819x1024.jpg\" alt=\"\" class=\"wp-image-14247\" srcset=\"https:\/\/djsound.com.br\/wp-content\/uploads\/2026\/09\/IMG_20260902_205544-819x1024.jpg 819w, https:\/\/djsound.com.br\/wp-content\/uploads\/2026\/09\/IMG_20260902_205544-240x300.jpg 240w, https:\/\/djsound.com.br\/wp-content\/uploads\/2026\/09\/IMG_20260902_205544-768x960.jpg 768w, https:\/\/djsound.com.br\/wp-content\/uploads\/2026\/09\/IMG_20260902_205544-150x188.jpg 150w, https:\/\/djsound.com.br\/wp-content\/uploads\/2026\/09\/IMG_20260902_205544-450x563.jpg 450w, https:\/\/djsound.com.br\/wp-content\/uploads\/2026\/09\/IMG_20260902_205544.jpg 1080w\" sizes=\"(max-width: 819px) 100vw, 819px\" \/><\/figure>\n\n\n\n<p class=\"has-text-color has-link-color wp-elements-1 wp-block-paragraph\" style=\"color:#ec0b43\"><strong>Servi\u00e7o<\/strong> <\/p>\n\n\n\n<p class=\"wp-block-paragraph\"><strong>ROCK IN RIO<\/strong><\/p>\n\n\n\n<p class=\"wp-block-paragraph\">The M\u00f6nic convida Raidol &#8211; 5 de setembro 21h10 [Palco Coke Studio]<\/p>\n\n\n\n<p class=\"wp-block-paragraph\">Mc Taya (participa\u00e7\u00e3o Dani Buarque) &#8211; 5 de setembro 16h [Palco Supernova]<\/p>\n\n\n\n<p class=\"wp-block-paragraph\"><strong>NOVA TWINS + THE M\u00d6NIC + MC TAYA<\/strong><\/p>\n\n\n\n<p class=\"wp-block-paragraph\">Cine J\u00f3ia &#8211; 6 de setembro 18h [Pra\u00e7a Carlos Gomes, 82 &#8211; Liberdade S\u00e3o Paulo\/SP]<\/p>\n\n\n\n<p class=\"wp-block-paragraph\">Ingressos <a href=\"https:\/\/fastix.com.br\/events\/nova-twins-em-sao-paulo\" target=\"_blank\" rel=\"noopener\">aqui<\/a><\/p>\n","protected":false},"excerpt":{"rendered":"<p>A banda paulistana The M\u00f6nic retorna ao Rock in Rio em 2026 para sua segunda participa\u00e7\u00e3o no festival. Depois de estrear no Palco Supernova em 2024, a banda ser\u00e1 headliner<\/p>\n","protected":false},"author":2,"featured_media":14245,"comment_status":"closed","ping_status":"closed","sticky":false,"template":"","format":"standard","meta":{"footnotes":""},"categories":[4],"tags":[6],"class_list":["post-14244","post","type-post","status-publish","format-standard","has-post-thumbnail","category-eventos","tag-ces21"],"_links":{"self":[{"href":"https:\/\/djsound.com.br\/index.php?rest_route=\/wp\/v2\/posts\/14244","targetHints":{"allow":["GET"]}}],"collection":[{"href":"https:\/\/djsound.com.br\/index.php?rest_route=\/wp\/v2\/posts"}],"about":[{"href":"https:\/\/djsound.com.br\/index.php?rest_route=\/wp\/v2\/types\/post"}],"author":[{"embeddable":true,"href":"https:\/\/djsound.com.br\/index.php?rest_route=\/wp\/v2\/users\/2"}],"replies":[{"embeddable":true,"href":"https:\/\/djsound.com.br\/index.php?rest_route=%2Fwp%2Fv2%2Fcomments&post=14244"}],"version-history":[{"count":1,"href":"https:\/\/djsound.com.br\/index.php?rest_route=\/wp\/v2\/posts\/14244\/revisions"}],"predecessor-version":[{"id":14248,"href":"https:\/\/djsound.com.br\/index.php?rest_route=\/wp\/v2\/posts\/14244\/revisions\/14248"}],"wp:featuredmedia":[{"embeddable":true,"href":"https:\/\/djsound.com.br\/index.php?rest_route=\/wp\/v2\/media\/14245"}],"wp:attachment":[{"href":"https:\/\/djsound.com.br\/index.php?rest_route=%2Fwp%2Fv2%2Fmedia&parent=14244"}],"wp:term":[{"taxonomy":"category","embeddable":true,"href":"https:\/\/djsound.com.br\/index.php?rest_route=%2Fwp%2Fv2%2Fcategories&post=14244"},{"taxonomy":"post_tag","embeddable":true,"href":"https:\/\/djsound.com.br\/index.php?rest_route=%2Fwp%2Fv2%2Ftags&post=14244"}],"curies":[{"name":"wp","href":"https:\/\/api.w.org\/{rel}","templated":true}]}}