{"id":14322,"date":"2026-09-04T21:00:00","date_gmt":"2026-09-05T00:00:00","guid":{"rendered":"https:\/\/djsound.com.br\/?p=14322"},"modified":"2026-09-04T20:30:19","modified_gmt":"2026-09-04T23:30:19","slug":"heineken-e-sos-mata-atlantica-levam-biodiversidade-ao-rock-in-rio","status":"publish","type":"post","link":"https:\/\/djsound.com.br\/?p=14322","title":{"rendered":"Heineken e SOS Mata Atl\u00e2ntica levam biodiversidade ao Rock in Rio"},"content":{"rendered":"\n<p class=\"wp-block-paragraph\">Durante o Rock in Rio Brasil 2026, a Heineken\u00ae, em parceria com a Funda\u00e7\u00e3o SOS Mata Atl\u00e2ntica, levar\u00e1 para a Cidade do Rock uma experi\u00eancia de contato com a floresta, concebida como uma representa\u00e7\u00e3o da parceria entre as organiza\u00e7\u00f5es e do legado ambiental que ser\u00e1 constru\u00eddo ap\u00f3s o festival por meio de a\u00e7\u00f5es de restaura\u00e7\u00e3o florestal na cidade do Rio de Janeiro. A a\u00e7\u00e3o integra a plataforma Green Your City e conecta cultura, experi\u00eancia e conserva\u00e7\u00e3o ambiental, ampliando o legado da marca para al\u00e9m dos dias de festival.<br>&nbsp;<\/p>\n\n\n\n<p class=\"wp-block-paragraph\">Localizado na Rota 85, na Cidade do Rock, a iniciativa reunir\u00e1 esp\u00e9cies nativas da Mata Atl\u00e2ntica, como grumixama, ara\u00e7\u00e1, aroeira, quaresmeira e manac\u00e1, al\u00e9m de plantas caracter\u00edsticas do bioma, como helic\u00f4nias, brom\u00e9lias e orqu\u00eddeas. O espa\u00e7o simboliza uma parceria cont\u00ednua entre Heineken\u00ae e Funda\u00e7\u00e3o SOS Mata Atl\u00e2ntica e representa um objetivo que segue al\u00e9m da Cidade do Rock, conectando a experi\u00eancia do festival a a\u00e7\u00f5es de conserva\u00e7\u00e3o e restaura\u00e7\u00e3o ambiental e refor\u00e7ando a premissa de deixar um legado positivo para as cidades que recebem a marca em grandes eventos. Ao aproximar o p\u00fablico de um dos biomas mais importantes do pa\u00eds em um contexto pouco convencional, o projeto convida as pessoas a refletirem sobre a rela\u00e7\u00e3o entre cidades, natureza e qualidade de vida, e sobre como experi\u00eancias culturais tamb\u00e9m podem inspirar novas formas de conex\u00e3o com os territ\u00f3rios em que vivemos.<br>&nbsp;<\/p>\n\n\n\n<p class=\"wp-block-paragraph\">O Rio de Janeiro est\u00e1 integralmente inserido no bioma Mata Atl\u00e2ntica, um dos mais ricos e amea\u00e7ados do pa\u00eds. \u00c9 nesse territ\u00f3rio que a iniciativa ganha relev\u00e2ncia ao aproximar o p\u00fablico da import\u00e2ncia da conserva\u00e7\u00e3o da floresta e, posteriormente, contribuir para a recupera\u00e7\u00e3o de \u00e1reas do bioma por meio das a\u00e7\u00f5es de restaura\u00e7\u00e3o florestal previstas ap\u00f3s o festival.<br>&nbsp;<\/p>\n\n\n\n<p class=\"wp-block-paragraph\">Durante o evento, placas instaladas no local ajudar\u00e3o a contar a hist\u00f3ria da iniciativa e seu destino ap\u00f3s o Rock in Rio Brasil 2026, com direcionamento para uma&nbsp;<a href=\"https:\/\/www.sosma.org.br\/restauracao\/rir\" rel=\"noopener\" target=\"_blank\"><u>p\u00e1gina&nbsp;<\/u><\/a>dedicada ao projeto. A principal frente da iniciativa ocorrer\u00e1 ap\u00f3s o festival, quando as mudas ser\u00e3o destinadas a a\u00e7\u00f5es de restaura\u00e7\u00e3o florestal no estado. O projeto apoiar\u00e1 a recupera\u00e7\u00e3o da regi\u00e3o da Serra do Vulc\u00e3o e o reflorestamento e enriquecimento de aproximadamente um hectare no Parque Nacional da Tijuca. Ao todo, cerca de 3 mil mudas nativas da Mata Atl\u00e2ntica ser\u00e3o destinadas ao plantio posterior.<br>&nbsp;<\/p>\n\n\n\n<p class=\"wp-block-paragraph\">Al\u00e9m do espa\u00e7o, a agenda de sustentabilidade da Heineken\u00ae no Rock in Rio Brasil 2026 inclui a gest\u00e3o de res\u00edduos por meio de um parceiro especializado, respons\u00e1vel pelo monitoramento e rastreabilidade da destina\u00e7\u00e3o dos materiais, o uso de biodiesel nos geradores de backup, a compensa\u00e7\u00e3o do consumo de energia el\u00e9trica por meio de certificados I-REC, a compensa\u00e7\u00e3o de emiss\u00f5es de carbono por meio de cr\u00e9ditos de carbono certificados e o acompanhamento da implementa\u00e7\u00e3o dessas iniciativas por uma consultoria ESG independente. Entre as solu\u00e7\u00f5es est\u00e1 o uso de copos reutiliz\u00e1veis, pr\u00e1tica que j\u00e1 esteve presente na edi\u00e7\u00e3o anterior do festival.<br>&nbsp;<\/p>\n\n\n\n<p class=\"wp-block-paragraph\">A parceria tamb\u00e9m d\u00e1 continuidade a um legado que Heineken\u00ae j\u00e1 construiu no pr\u00f3prio Rock in Rio Brasil. Em 2022, parte da vegeta\u00e7\u00e3o utilizada na cenografia dos espa\u00e7os da marca foi replantada no Parque Ol\u00edmpico e deu origem \u00e0 primeira microfloresta urbana de Heineken\u00ae no Brasil. A \u00e1rea ocupa 1.265 m\u00b2 e re\u00fane mais de 830 exemplares de 53 esp\u00e9cies nativas da Mata Atl\u00e2ntica. A iniciativa integra Green Your City, plataforma criada em 2021 e que re\u00fane projetos ligados \u00e0 energia el\u00e9trica renov\u00e1vel, circularidade, microflorestas urbanas e consumo respons\u00e1vel.<br>&nbsp;<\/p>\n\n\n\n<p class=\"wp-block-paragraph\">&#8220;A sustentabilidade j\u00e1 faz parte da forma como pensamos e operamos nossa presen\u00e7a nos grandes eventos. Essa parceria traduz essa vis\u00e3o de maneira concreta: nasce dentro da Cidade do Rock como uma experi\u00eancia para o p\u00fablico, mas continua depois do festival, quando cerca de 3 mil mudas seguem para \u00e1reas de restaura\u00e7\u00e3o no Rio de Janeiro. \u00c9 justamente essa conex\u00e3o entre experi\u00eancia, cidade e legado que buscamos fortalecer por meio do Green Your City&#8221;, afirma Alexia Catharina, especialista de Comunica\u00e7\u00e3o e Sustentabilidade do Grupo HEINEKEN no Brasil.<br>&nbsp;<\/p>\n\n\n\n<p class=\"wp-block-paragraph\"><strong>Uma parceria que continua crescendo<\/strong><br>&nbsp;<\/p>\n\n\n\n<p class=\"wp-block-paragraph\">A iniciativa amplia uma rela\u00e7\u00e3o constru\u00edda entre Heineken\u00ae e Funda\u00e7\u00e3o SOS Mata Atl\u00e2ntica desde 2007. Neste ano, a Funda\u00e7\u00e3o completa 40 anos de atua\u00e7\u00e3o. Entre os projetos desenvolvidos pelas organiza\u00e7\u00f5es est\u00e1 o Centro de Experimentos Florestais SOS Mata Atl\u00e2ntica \u2013 HEINEKEN Brasil, uma frente de recupera\u00e7\u00e3o ambiental localizada em Itu (SP).<br>&nbsp;<\/p>\n\n\n\n<p class=\"wp-block-paragraph\">A \u00e1rea, que j\u00e1 teve diferentes voca\u00e7\u00f5es, como a produ\u00e7\u00e3o de caf\u00e9 e a cria\u00e7\u00e3o de gado, recebeu nesta parceria o plantio de 720 mil \u00e1rvores nativas da Mata Atl\u00e2ntica. O viveiro pr\u00f3prio do local tamb\u00e9m j\u00e1 produziu 7,5 milh\u00f5es de mudas destinadas a projetos de restaura\u00e7\u00e3o, ao longo dos \u00faltimos 17 anos. A Funda\u00e7\u00e3o tamb\u00e9m esteve ao lado da marca no Heineken Floating Bar, projeto de bar flutuante realizado \u00e0s margens do Rio Pinheiros, em S\u00e3o Paulo, cuja opera\u00e7\u00e3o destinou recursos a a\u00e7\u00f5es de melhoria do entorno do rio em parceria com a organiza\u00e7\u00e3o.<br>&nbsp;<\/p>\n\n\n\n<p class=\"wp-block-paragraph\">&#8220;No m\u00eas em que a SOS Mata Atl\u00e2ntica completa 40 anos, queremos celebrar essa trajet\u00f3ria junto ao p\u00fablico do Rock in Rio. S\u00e3o quatro d\u00e9cadas de trabalho e um total de 44 milh\u00f5es de \u00e1rvores nativas plantadas, um impacto positivo que s\u00f3 foi poss\u00edvel gra\u00e7as \u00e0 uni\u00e3o de muitas pessoas e parceiros, como a Heineken. Levar a Mata Atl\u00e2ntica para dentro de um dos maiores festivais de m\u00fasica do mundo \u00e9 tamb\u00e9m uma oportunidade de aproximar o p\u00fablico do bioma onde vive a maioria da popula\u00e7\u00e3o brasileira. Esperamos que os f\u00e3s possam descansar nos corredores verdes, contemplar e se conectar com as esp\u00e9cies nativas que estar\u00e3o ali, percebendo que proteger e restaurar a floresta \u00e9 tamb\u00e9m cuidar da nossa \u00e1gua, do clima, da biodiversidade e da nossa qualidade de vida&#8221;, afirma Afra Balazina, diretora de Mobiliza\u00e7\u00e3o da SOS Mata Atl\u00e2ntica.<\/p>\n\n\n\n<p class=\"wp-block-paragraph\"><strong>Sobre Green Your City<\/strong><br><br>Green Your City \u00e9 a plataforma de cultura e sustentabilidade da Heineken\u00ae, que aponta novos caminhos para o futuro das cidades ao promover experi\u00eancias sociais de alta qualidade, rompendo com o \u00f3bvio e transformando a vida urbana. Criada em 2021, a iniciativa nasceu com o prop\u00f3sito de ressignificar experi\u00eancias e espa\u00e7os urbanos por meio da m\u00fasica e da cultura, ampliando o alcance cultural da marca sem abrir m\u00e3o de sua assinatura sustent\u00e1vel e de metas concretas que moldam o amanh\u00e3. S\u00e3o metas da plataforma:<br>&nbsp;<\/p>\n\n\n\n<p class=\"wp-block-paragraph\">Energia Verde*: entregar 324.000 MWh de volume de energia renov\u00e1vel at\u00e9 2030, o que equivale a um volume suficiente para abastecer cerca de 125 mil resid\u00eancias brasileiras por um ano**, atuando como agente multiplicador na transi\u00e7\u00e3o para fontes renov\u00e1veis.<br>&nbsp;<\/p>\n\n\n\n<p class=\"wp-block-paragraph\">Circularidade: tornar 80% das embalagens da marca circulares at\u00e9 2030, fortalecendo um modelo de economia circular e ampliando o uso de embalagens retorn\u00e1veis.<\/p>\n\n\n\n<p class=\"wp-block-paragraph\">Microflorestas: implementar microflorestas urbanas em 19 capitais brasileiras at\u00e9 2030, contribuindo para a melhoria da qualidade do ar, regula\u00e7\u00e3o t\u00e9rmica, regenera\u00e7\u00e3o do bioma original e amplia\u00e7\u00e3o de \u00e1reas verdes nas cidades.<br>&nbsp;<\/p>\n\n\n\n<p class=\"wp-block-paragraph\">Consumo Respons\u00e1vel: impactar, anualmente, 90% da popula\u00e7\u00e3o conectada com mensagens de responsabilidade e consci\u00eancia no consumo de \u00e1lcool.<br>&nbsp;<\/p>\n\n\n\n<p class=\"wp-block-paragraph\">*Energia verde = energia el\u00e9trica renov\u00e1vel<\/p>\n\n\n\n<p class=\"wp-block-paragraph\">** M\u00e9dia de consumo residencial, ano base 2024, ANU\u00c1RIO ESTAT\u00cdSTICO DE ENERGIA EL\u00c9TRICA, EPE (Empresa de Pesquisa Energ\u00e9tica)<br>&nbsp;<\/p>\n\n\n\n<p class=\"wp-block-paragraph\"><strong>Sobre o Grupo HEINEKEN<\/strong><br><br>O Grupo HEINEKEN \u00e9 uma cervejaria internacional, segunda maior do Brasil e l\u00edder no segmento puro malte e premium. Seu portf\u00f3lio diverso re\u00fane marcas como Heineken\u00ae, Amstel, Eisenbahn, Sol, Praya, Baden Baden, Lagunitas, Blue Moon e Devassa, um portf\u00f3lio dedicado aos brindes com mais equil\u00edbrio, formado por Heineken\u00ae Ultimate, Heineken\u00ae 0.0, Amstel Ultra, Sol Zero e Praya Lager, bebidas n\u00e3o alco\u00f3licas como Ituba\u00edna, FYS, Mamba Water e Baer-Mate, al\u00e9m de Amstel Vibes como op\u00e7\u00e3o de bebida &#8220;Ready to Drink&#8221;. A companhia emprega mais de 12 mil pessoas e opera 13 cervejarias, incluindo sua mais recente unidade em Passos (MG), inaugurada em 2025.<br>&nbsp;<\/p>\n\n\n\n<p class=\"wp-block-paragraph\">Comprometido em ser parte da solu\u00e7\u00e3o para fazer a roda dos neg\u00f3cios girar em favor das pessoas e do meio ambiente, o Grupo HEINEKEN mant\u00e9m o Instituto HEINEKEN, que j\u00e1 beneficiou mais de 10 mil pessoas, e impulsiona inova\u00e7\u00e3o com HEINEKEN Spin, seu ecossistema de neg\u00f3cios de impacto dedicado a solu\u00e7\u00f5es em agricultura regenerativa, circularidade do vidro, energia renov\u00e1vel e marcas de impacto. Saiba mais em heinekenbrasil.com.br e nos perfis oficiais da companhia no Instagram (@grupoheinekenbr) e no LinkedIn (@theheinekencompany).<br>&nbsp;<\/p>\n","protected":false},"excerpt":{"rendered":"<p>Durante o Rock in Rio Brasil 2026, a Heineken\u00ae, em parceria com a Funda\u00e7\u00e3o SOS Mata Atl\u00e2ntica, levar\u00e1 para a Cidade do Rock uma experi\u00eancia de contato com a floresta,<\/p>\n","protected":false},"author":2,"featured_media":14323,"comment_status":"closed","ping_status":"closed","sticky":false,"template":"","format":"standard","meta":{"footnotes":""},"categories":[4],"tags":[7],"class_list":["post-14322","post","type-post","status-publish","format-standard","has-post-thumbnail","category-eventos","tag-featured"],"_links":{"self":[{"href":"https:\/\/djsound.com.br\/index.php?rest_route=\/wp\/v2\/posts\/14322","targetHints":{"allow":["GET"]}}],"collection":[{"href":"https:\/\/djsound.com.br\/index.php?rest_route=\/wp\/v2\/posts"}],"about":[{"href":"https:\/\/djsound.com.br\/index.php?rest_route=\/wp\/v2\/types\/post"}],"author":[{"embeddable":true,"href":"https:\/\/djsound.com.br\/index.php?rest_route=\/wp\/v2\/users\/2"}],"replies":[{"embeddable":true,"href":"https:\/\/djsound.com.br\/index.php?rest_route=%2Fwp%2Fv2%2Fcomments&post=14322"}],"version-history":[{"count":1,"href":"https:\/\/djsound.com.br\/index.php?rest_route=\/wp\/v2\/posts\/14322\/revisions"}],"predecessor-version":[{"id":14324,"href":"https:\/\/djsound.com.br\/index.php?rest_route=\/wp\/v2\/posts\/14322\/revisions\/14324"}],"wp:featuredmedia":[{"embeddable":true,"href":"https:\/\/djsound.com.br\/index.php?rest_route=\/wp\/v2\/media\/14323"}],"wp:attachment":[{"href":"https:\/\/djsound.com.br\/index.php?rest_route=%2Fwp%2Fv2%2Fmedia&parent=14322"}],"wp:term":[{"taxonomy":"category","embeddable":true,"href":"https:\/\/djsound.com.br\/index.php?rest_route=%2Fwp%2Fv2%2Fcategories&post=14322"},{"taxonomy":"post_tag","embeddable":true,"href":"https:\/\/djsound.com.br\/index.php?rest_route=%2Fwp%2Fv2%2Ftags&post=14322"}],"curies":[{"name":"wp","href":"https:\/\/api.w.org\/{rel}","templated":true}]}}