{"id":14344,"date":"2026-09-04T21:30:00","date_gmt":"2026-09-05T00:30:00","guid":{"rendered":"https:\/\/djsound.com.br\/?p=14344"},"modified":"2026-09-04T20:47:10","modified_gmt":"2026-09-04T23:47:10","slug":"ifood-revela-como-serao-seus-espacos-no-rock-in-rio-brasil-2026","status":"publish","type":"post","link":"https:\/\/djsound.com.br\/?p=14344","title":{"rendered":"iFood revela como ser\u00e3o seus espa\u00e7os no Rock in Rio Brasil 2026"},"content":{"rendered":"\n<p class=\"wp-block-paragraph\"><em>Marca amplia presen\u00e7a na Cidade do Rock com experi\u00eancias pr\u00f3ximas aos palcos Mundo e Sunset, Montanha-Russa e Gourmet Square; ativa\u00e7\u00f5es ter\u00e3o DJs, brindes, benef\u00edcios e a\u00e7\u00f5es com marcas parceiras<\/em><br>&nbsp;<\/p>\n\n\n\n<p class=\"wp-block-paragraph\"><strong>S\u00e3o Paulo, agosto de 2026&nbsp;<\/strong>\u2013 A contagem regressiva para o Rock in Rio Brasil 2026 j\u00e1 come\u00e7ou e o iFood d\u00e1 um spoiler do que o p\u00fablico vai encontrar na Cidade do Rock. Patrocinador oficial do festival, o iFood contar\u00e1 com quatro espa\u00e7os para ativa\u00e7\u00e3o, assinadas pela YouDare, distribu\u00eddas pela Cidade do Rock: a Montanha-Russa patrocinada pelo iFood, um estande com vista para o Palco Mundo e outro com vista para o Palco Sunset, al\u00e9m da presen\u00e7a no Gourmet Square.<\/p>\n\n\n\n<p class=\"wp-block-paragraph\">A presen\u00e7a em 2026 marca uma evolu\u00e7\u00e3o da parceria iniciada em 2022. Depois de participar das duas \u00faltimas edi\u00e7\u00f5es como apoiador, o iFood chega pela primeira vez como patrocinador oficial, ampliando sua visibilidade e os pontos de contato com o p\u00fablico. A estrat\u00e9gia parte do conceito &#8220;iFood \u00e9 Tudo Pra Mim no Rock in Rio&#8221; e busca transformar o amor dos f\u00e3s pelo festival em experi\u00eancias que aproximem ainda mais a marca do p\u00fablico.<br>&nbsp;<\/p>\n\n\n\n<p class=\"wp-block-paragraph\"><strong>Do Palco Mundo \u00e0 Montanha-Russa: o que esperar do iFood na Cidade do Rock<\/strong><br>&nbsp;<\/p>\n\n\n\n<p class=\"wp-block-paragraph\"><strong>Palco Mundo: f\u00e3s viram DJs da festa<\/strong><br>Em um dos pontos mais disputados da Cidade do Rock, o iFood ter\u00e1 um espa\u00e7o com vista para o Palco Mundo pensado para colocar os f\u00e3s no centro da experi\u00eancia. A ativa\u00e7\u00e3o transforma o p\u00fablico em DJ da festa, refor\u00e7ando a conex\u00e3o da marca com a m\u00fasica e criando mais um lugar para curtir o festival entre um show e outro.<\/p>\n\n\n\n<figure class=\"wp-block-image size-large\"><img fetchpriority=\"high\" decoding=\"async\" width=\"1024\" height=\"576\" src=\"https:\/\/djsound.com.br\/wp-content\/uploads\/2026\/09\/4IjZ6MWZxQDN4ojci5SbvNmLk5WdvNnakB0bsF2Yu92Z6EjM5MTN5cDOwIjOn5GcuYmYzUGZmZWNkFmNiZ2NhFzY4QzNxUWMhVWOyMjM1QDMGJTJ1QDMGJTJ5kDM4IjRyUSN0ADNx8VL1ETLf9VLwITLfpjN-1-1024x576.png\" alt=\"\" class=\"wp-image-14348\" srcset=\"https:\/\/djsound.com.br\/wp-content\/uploads\/2026\/09\/4IjZ6MWZxQDN4ojci5SbvNmLk5WdvNnakB0bsF2Yu92Z6EjM5MTN5cDOwIjOn5GcuYmYzUGZmZWNkFmNiZ2NhFzY4QzNxUWMhVWOyMjM1QDMGJTJ1QDMGJTJ5kDM4IjRyUSN0ADNx8VL1ETLf9VLwITLfpjN-1-1024x576.png 1024w, https:\/\/djsound.com.br\/wp-content\/uploads\/2026\/09\/4IjZ6MWZxQDN4ojci5SbvNmLk5WdvNnakB0bsF2Yu92Z6EjM5MTN5cDOwIjOn5GcuYmYzUGZmZWNkFmNiZ2NhFzY4QzNxUWMhVWOyMjM1QDMGJTJ1QDMGJTJ5kDM4IjRyUSN0ADNx8VL1ETLf9VLwITLfpjN-1-300x169.png 300w, https:\/\/djsound.com.br\/wp-content\/uploads\/2026\/09\/4IjZ6MWZxQDN4ojci5SbvNmLk5WdvNnakB0bsF2Yu92Z6EjM5MTN5cDOwIjOn5GcuYmYzUGZmZWNkFmNiZ2NhFzY4QzNxUWMhVWOyMjM1QDMGJTJ1QDMGJTJ5kDM4IjRyUSN0ADNx8VL1ETLf9VLwITLfpjN-1-149x84.png 149w, https:\/\/djsound.com.br\/wp-content\/uploads\/2026\/09\/4IjZ6MWZxQDN4ojci5SbvNmLk5WdvNnakB0bsF2Yu92Z6EjM5MTN5cDOwIjOn5GcuYmYzUGZmZWNkFmNiZ2NhFzY4QzNxUWMhVWOyMjM1QDMGJTJ1QDMGJTJ5kDM4IjRyUSN0ADNx8VL1ETLf9VLwITLfpjN-1-450x253.png 450w, https:\/\/djsound.com.br\/wp-content\/uploads\/2026\/09\/4IjZ6MWZxQDN4ojci5SbvNmLk5WdvNnakB0bsF2Yu92Z6EjM5MTN5cDOwIjOn5GcuYmYzUGZmZWNkFmNiZ2NhFzY4QzNxUWMhVWOyMjM1QDMGJTJ1QDMGJTJ5kDM4IjRyUSN0ADNx8VL1ETLf9VLwITLfpjN-1-1536x864.png 1536w, https:\/\/djsound.com.br\/wp-content\/uploads\/2026\/09\/4IjZ6MWZxQDN4ojci5SbvNmLk5WdvNnakB0bsF2Yu92Z6EjM5MTN5cDOwIjOn5GcuYmYzUGZmZWNkFmNiZ2NhFzY4QzNxUWMhVWOyMjM1QDMGJTJ1QDMGJTJ5kDM4IjRyUSN0ADNx8VL1ETLf9VLwITLfpjN-1-1200x675.png 1200w, https:\/\/djsound.com.br\/wp-content\/uploads\/2026\/09\/4IjZ6MWZxQDN4ojci5SbvNmLk5WdvNnakB0bsF2Yu92Z6EjM5MTN5cDOwIjOn5GcuYmYzUGZmZWNkFmNiZ2NhFzY4QzNxUWMhVWOyMjM1QDMGJTJ1QDMGJTJ5kDM4IjRyUSN0ADNx8VL1ETLf9VLwITLfpjN-1.png 1920w\" sizes=\"(max-width: 1024px) 100vw, 1024px\" \/><\/figure>\n\n\n\n<p class=\"wp-block-paragraph\"><strong>Palco Sunset: marcas parceiras entram na experi\u00eancia<\/strong><br>Pr\u00f3ximo ao Palco Sunset, o segundo espa\u00e7o do iFood ser\u00e1 dedicado a ativa\u00e7\u00f5es desenvolvidas com marcas parceiras do evento por meio do iFood Ads, vertical de m\u00eddia e publicidade da companhia. A proposta \u00e9 levar para o ambiente f\u00edsico do festival parcerias que tamb\u00e9m acontecem dentro do aplicativo, conectando entretenimento, experi\u00eancia e neg\u00f3cio. O estande trar\u00e1 uma din\u00e2mica de mercado no t\u00e9rreo com miss\u00f5es para o p\u00fablico e destaque para marcas parceiras como Coca-Cola, Doritos, Trident e Hellmann's.<\/p>\n\n\n\n<figure class=\"wp-block-image size-large\"><img decoding=\"async\" width=\"1024\" height=\"576\" src=\"https:\/\/djsound.com.br\/wp-content\/uploads\/2026\/09\/IMG_20260904_204305-1-1024x576.jpg\" alt=\"\" class=\"wp-image-14345\" srcset=\"https:\/\/djsound.com.br\/wp-content\/uploads\/2026\/09\/IMG_20260904_204305-1-1024x576.jpg 1024w, https:\/\/djsound.com.br\/wp-content\/uploads\/2026\/09\/IMG_20260904_204305-1-300x169.jpg 300w, https:\/\/djsound.com.br\/wp-content\/uploads\/2026\/09\/IMG_20260904_204305-1-150x84.jpg 150w, https:\/\/djsound.com.br\/wp-content\/uploads\/2026\/09\/IMG_20260904_204305-1-448x252.jpg 448w, https:\/\/djsound.com.br\/wp-content\/uploads\/2026\/09\/IMG_20260904_204305-1.jpg 1080w\" sizes=\"(max-width: 1024px) 100vw, 1024px\" \/><\/figure>\n\n\n\n<p class=\"wp-block-paragraph\"><strong>Montanha-Russa patrocinado pelo iFood: divers\u00e3o com direito a fast pass<\/strong><br>Um dos espa\u00e7os mais reconhecidos das \u00faltimas edi\u00e7\u00f5es est\u00e1 de volta. A Montanha-Russa iFood retorna \u00e0 Cidade do Rock com a identidade da marca e sua assinatura sonora fazendo parte da experi\u00eancia. E tem atalho para a divers\u00e3o: para aqueles que forem nos estandes do iFood e participar das ativa\u00e7\u00f5es, poder\u00e3o ganhar fast pass para o brinquedo.<\/p>\n\n\n\n<figure class=\"wp-block-image size-large\"><img decoding=\"async\" width=\"1024\" height=\"576\" src=\"https:\/\/djsound.com.br\/wp-content\/uploads\/2026\/09\/5IjZ6kzYyMmM4ojci5SbvNmLk5WdvNnakB0bsF2Yu92Z6EjM5MTN5cDOwIjOn5GcuEDM0UDM2IDNjZmMlRGZjRjY0UjN3MzYzcTYyITNmhTOGJTJmhTOGJTJ5kDM4IjRyUSN0ADNx8VL1ETLf9VLwITLfpTM-1024x576.png\" alt=\"\" class=\"wp-image-14346\" srcset=\"https:\/\/djsound.com.br\/wp-content\/uploads\/2026\/09\/5IjZ6kzYyMmM4ojci5SbvNmLk5WdvNnakB0bsF2Yu92Z6EjM5MTN5cDOwIjOn5GcuEDM0UDM2IDNjZmMlRGZjRjY0UjN3MzYzcTYyITNmhTOGJTJmhTOGJTJ5kDM4IjRyUSN0ADNx8VL1ETLf9VLwITLfpTM-1024x576.png 1024w, https:\/\/djsound.com.br\/wp-content\/uploads\/2026\/09\/5IjZ6kzYyMmM4ojci5SbvNmLk5WdvNnakB0bsF2Yu92Z6EjM5MTN5cDOwIjOn5GcuEDM0UDM2IDNjZmMlRGZjRjY0UjN3MzYzcTYyITNmhTOGJTJmhTOGJTJ5kDM4IjRyUSN0ADNx8VL1ETLf9VLwITLfpTM-300x169.png 300w, https:\/\/djsound.com.br\/wp-content\/uploads\/2026\/09\/5IjZ6kzYyMmM4ojci5SbvNmLk5WdvNnakB0bsF2Yu92Z6EjM5MTN5cDOwIjOn5GcuEDM0UDM2IDNjZmMlRGZjRjY0UjN3MzYzcTYyITNmhTOGJTJmhTOGJTJ5kDM4IjRyUSN0ADNx8VL1ETLf9VLwITLfpTM-149x84.png 149w, https:\/\/djsound.com.br\/wp-content\/uploads\/2026\/09\/5IjZ6kzYyMmM4ojci5SbvNmLk5WdvNnakB0bsF2Yu92Z6EjM5MTN5cDOwIjOn5GcuEDM0UDM2IDNjZmMlRGZjRjY0UjN3MzYzcTYyITNmhTOGJTJmhTOGJTJ5kDM4IjRyUSN0ADNx8VL1ETLf9VLwITLfpTM-450x253.png 450w, https:\/\/djsound.com.br\/wp-content\/uploads\/2026\/09\/5IjZ6kzYyMmM4ojci5SbvNmLk5WdvNnakB0bsF2Yu92Z6EjM5MTN5cDOwIjOn5GcuEDM0UDM2IDNjZmMlRGZjRjY0UjN3MzYzcTYyITNmhTOGJTJmhTOGJTJ5kDM4IjRyUSN0ADNx8VL1ETLf9VLwITLfpTM-1200x675.png 1200w, https:\/\/djsound.com.br\/wp-content\/uploads\/2026\/09\/5IjZ6kzYyMmM4ojci5SbvNmLk5WdvNnakB0bsF2Yu92Z6EjM5MTN5cDOwIjOn5GcuEDM0UDM2IDNjZmMlRGZjRjY0UjN3MzYzcTYyITNmhTOGJTJmhTOGJTJ5kDM4IjRyUSN0ADNx8VL1ETLf9VLwITLfpTM-1536x864.png 1536w, https:\/\/djsound.com.br\/wp-content\/uploads\/2026\/09\/5IjZ6kzYyMmM4ojci5SbvNmLk5WdvNnakB0bsF2Yu92Z6EjM5MTN5cDOwIjOn5GcuEDM0UDM2IDNjZmMlRGZjRjY0UjN3MzYzcTYyITNmhTOGJTJmhTOGJTJ5kDM4IjRyUSN0ADNx8VL1ETLf9VLwITLfpTM.png 1920w\" sizes=\"(max-width: 1024px) 100vw, 1024px\" \/><\/figure>\n\n\n\n<p class=\"wp-block-paragraph\"><strong>Brindes para levar o festival com voc\u00ea<\/strong><\/p>\n\n\n\n<p class=\"wp-block-paragraph\">As experi\u00eancias n\u00e3o terminam nos espa\u00e7os. O tradicional pin de cora\u00e7\u00e3o do iFood, que pisca e j\u00e1 virou um dos s\u00edmbolos da presen\u00e7a da marca em festivais, estar\u00e1 de volta e ser\u00e1 distribu\u00eddo pelo gramado e outros pontos da Cidade do Rock. A expectativa \u00e9 ampliar significativamente a presen\u00e7a do item em rela\u00e7\u00e3o \u00e0 edi\u00e7\u00e3o anterior e criar um verdadeiro &#8220;mar vermelho de cora\u00e7\u00f5es&#8221; na plateia.<\/p>\n\n\n\n<p class=\"wp-block-paragraph\">Outra novidade ser\u00e1 a mini c\u00e2mera digita, com visual inspirado nas c\u00e2meras que voltaram a ganhar espa\u00e7o entre os f\u00e3s de fotografia e festivais, o brinde permitir\u00e1 registrar os momentos vividos na Cidade do Rock de um jeito diferente \u2014 e levar as mem\u00f3rias do festival para casa. A c\u00e2mera oferece imagem em 1080p, \u00e9 recarreg\u00e1vel, permite transferir as fotos para o computador via cabo. Al\u00e9m disso, o p\u00fablico poder\u00e1 encontrar ativa\u00e7\u00e3o com produtos de diferentes marcas, em parceira com iFood Ads, em variados pontos do festival, incluindo os espa\u00e7os do iFood, enquanto convidados tamb\u00e9m ter\u00e3o experi\u00eancias dedicadas ao longo dos sete dias de evento.<\/p>\n\n\n\n<p class=\"wp-block-paragraph\">Com a amplia\u00e7\u00e3o da presen\u00e7a na Cidade do Rock, o iFood refor\u00e7a uma estrat\u00e9gia que vem construindo desde 2022: estar presente n\u00e3o apenas na rotina, mas tamb\u00e9m nos grandes momentos culturais dos brasileiros. Em 2026, a marca conecta seus diferentes espa\u00e7os e ativa\u00e7\u00f5es sob uma mesma ideia: os f\u00e3s do Rock in Rio amam. O iFood entrega.<br>&nbsp;<\/p>\n\n\n\n<p class=\"wp-block-paragraph\"><strong>Sobre o iFood<\/strong><\/p>\n\n\n\n<p class=\"wp-block-paragraph\">O iFood, empresa brasileira de tecnologia com 15 anos de hist\u00f3ria, \u00e9 hoje a plataforma l\u00edder e refer\u00eancia no setor de delivery na Am\u00e9rica Latina. Conectando estabelecimentos, consumidores e entregadores em um \u00fanico ecossistema, o iFood oferece solu\u00e7\u00f5es pr\u00e1ticas que v\u00e3o al\u00e9m da entrega de refei\u00e7\u00f5es, atendendo diferentes necessidades e promovendo transforma\u00e7\u00e3o social por meio da educa\u00e7\u00e3o e da tecnologia.<\/p>\n\n\n\n<p class=\"wp-block-paragraph\">A tecnologia, a inova\u00e7\u00e3o e a sua cultura s\u00e3o os principais ativos da empresa, que movimenta mensalmente<strong>&nbsp;180 milh\u00f5es de pedidos feitos por mais de 65 milh\u00f5es de clientes<\/strong>, sustentando um ecossistema que conta com&nbsp;<strong>600 mil entregadores conectados e 500 mil estabelecimentos parceiros<\/strong>&nbsp;em cerca de&nbsp;<strong>2800 cidades brasileiras.&nbsp;<\/strong>Al\u00e9m de impulsionar avan\u00e7os e conveni\u00eancia em \u00e1reas como mercados, farm\u00e1cias, fintech e benef\u00edcios, o iFood impacta a economia, com o &#8220;Efeito iFood&#8221; e \u00e9 respons\u00e1vel pela gera\u00e7\u00e3o de mais de 1 milh\u00e3o de postos de trabalho diretos e indiretos, al\u00e9m de impulsionar o PIB brasileiro em 0,64%.<br>Para saber mais sobre o iFood, visite:&nbsp;<a href=\"https:\/\/www.in\/\" rel=\"noopener\" target=\"_blank\">www.in<\/a><a href=\"https:\/\/stitucional.ifood.com.br\/\" rel=\"noopener\" target=\"_blank\">stitucional.ifood.com.br<\/a><\/p>\n","protected":false},"excerpt":{"rendered":"<p>Marca amplia presen\u00e7a na Cidade do Rock com experi\u00eancias pr\u00f3ximas aos palcos Mundo e Sunset, Montanha-Russa e Gourmet Square; ativa\u00e7\u00f5es ter\u00e3o DJs, brindes, benef\u00edcios e a\u00e7\u00f5es com marcas parceiras&nbsp; S\u00e3o<\/p>\n","protected":false},"author":2,"featured_media":14347,"comment_status":"closed","ping_status":"closed","sticky":false,"template":"","format":"standard","meta":{"footnotes":""},"categories":[4],"tags":[7],"class_list":["post-14344","post","type-post","status-publish","format-standard","has-post-thumbnail","category-eventos","tag-featured"],"_links":{"self":[{"href":"https:\/\/djsound.com.br\/index.php?rest_route=\/wp\/v2\/posts\/14344","targetHints":{"allow":["GET"]}}],"collection":[{"href":"https:\/\/djsound.com.br\/index.php?rest_route=\/wp\/v2\/posts"}],"about":[{"href":"https:\/\/djsound.com.br\/index.php?rest_route=\/wp\/v2\/types\/post"}],"author":[{"embeddable":true,"href":"https:\/\/djsound.com.br\/index.php?rest_route=\/wp\/v2\/users\/2"}],"replies":[{"embeddable":true,"href":"https:\/\/djsound.com.br\/index.php?rest_route=%2Fwp%2Fv2%2Fcomments&post=14344"}],"version-history":[{"count":1,"href":"https:\/\/djsound.com.br\/index.php?rest_route=\/wp\/v2\/posts\/14344\/revisions"}],"predecessor-version":[{"id":14349,"href":"https:\/\/djsound.com.br\/index.php?rest_route=\/wp\/v2\/posts\/14344\/revisions\/14349"}],"wp:featuredmedia":[{"embeddable":true,"href":"https:\/\/djsound.com.br\/index.php?rest_route=\/wp\/v2\/media\/14347"}],"wp:attachment":[{"href":"https:\/\/djsound.com.br\/index.php?rest_route=%2Fwp%2Fv2%2Fmedia&parent=14344"}],"wp:term":[{"taxonomy":"category","embeddable":true,"href":"https:\/\/djsound.com.br\/index.php?rest_route=%2Fwp%2Fv2%2Fcategories&post=14344"},{"taxonomy":"post_tag","embeddable":true,"href":"https:\/\/djsound.com.br\/index.php?rest_route=%2Fwp%2Fv2%2Ftags&post=14344"}],"curies":[{"name":"wp","href":"https:\/\/api.w.org\/{rel}","templated":true}]}}