{"id":14505,"date":"2026-09-05T17:00:00","date_gmt":"2026-09-05T20:00:00","guid":{"rendered":"https:\/\/djsound.com.br\/?p=14505"},"modified":"2026-09-05T15:10:35","modified_gmt":"2026-09-05T18:10:35","slug":"ca-e-gustavo-silvestre-lancam-colecao-de-upcycling-exclusiva-para-venda-no-rock-in-rio","status":"publish","type":"post","link":"https:\/\/djsound.com.br\/?p=14505","title":{"rendered":"C&amp;A e Gustavo Silvestre lan\u00e7am cole\u00e7\u00e3o de upcycling exclusiva para venda no Rock in Rio"},"content":{"rendered":"\n<p class=\"wp-block-paragraph\">Com edi\u00e7\u00e3o limitada de pe\u00e7as numeradas e venda exclusiva na Cidade do Rock, a c\u00e1psula em denim nasce do estoque parado da C&A.<\/p>\n\n\n\n<p class=\"wp-block-paragraph\">A C&A, Look Oficial do Rock In Rio chega a Cidade do Rock em 2026 com mais uma novidade: uma c\u00e1psula de upcycling assinada pelo estilista Gustavo Silvestre, criada a partir de pe\u00e7as reaproveitadas do estoque da marca. A cole\u00e7\u00e3o integra a Cole\u00e7\u00e3o Jeans C&A e ter\u00e1 venda exclusiva nas lojas da C&A dentro do festival.<\/p>\n\n\n\n<p class=\"wp-block-paragraph\">&#8220;Levar o upcycling para o Rock in Rio \u00e9 tamb\u00e9m levar parte do DNA sustent\u00e1vel da C&A para o maior palco de cultura do pa\u00eds. Celebramos 50 anos de Brasil na \u00faltima semana, e esta collab \u00e9 mais uma forma de reafirmar que a moda que fazemos \u00e9 cada vez mais circular e cabe em qualquer contexto, inclusive na Cidade do Rock&#8221;, afirma Cec\u00edlia Preto Alexandre, CMO da C&A Brasil.<\/p>\n\n\n\n<p class=\"wp-block-paragraph\">O ponto de partida da cria\u00e7\u00e3o foi o pr\u00f3prio arm\u00e1rio de Gustavo. O estilista fez uma curadoria de roupas que carregam a hist\u00f3ria de seu trabalho com o denim e usou esse repert\u00f3rio como base para os novos desenhos. A partir da\u00ed, a C&A abriu o acesso a pe\u00e7as dispon\u00edveis em seu estoque, selecionadas em conjunto com o estilista.<\/p>\n\n\n\n<p class=\"wp-block-paragraph\"><\/p>\n\n\n\n<p class=\"wp-block-paragraph\">Al\u00e9m do processo de cria\u00e7\u00e3o a partir de materiais j\u00e1 existentes, a cole\u00e7\u00e3o ganha um elemento especial de exclusividade: as pe\u00e7as s\u00e3o numeradas, em uma edi\u00e7\u00e3o limitada de 1 a 50. A escolha refor\u00e7a o car\u00e1ter \u00fanico da c\u00e1psula e transforma cada item em uma pe\u00e7a de colecionador, dispon\u00edvel apenas durante o Rock in Rio.<\/p>\n\n\n\n<p class=\"wp-block-paragraph\">Entre as cria\u00e7\u00f5es est\u00e3o um top cropped de al\u00e7as finas cruzadas no pesco\u00e7o, uma cal\u00e7a flare de boca ampla, uma jaqueta com recortes e detalhes nas mangas, uma minissaia estruturada e uma cal\u00e7a cargo de perna larga com sobreposi\u00e7\u00e3o do bolso. As pe\u00e7as foram pensadas para acompanhar o p\u00fablico do sol da tarde \u00e0 pista da noite, com modelagens amplas que j\u00e1 fazem parte da linguagem dos festivais.<\/p>\n\n\n\n<p class=\"wp-block-paragraph\"><\/p>\n\n\n\n<p class=\"wp-block-paragraph\">&#8220;Foi uma del\u00edcia de fazer essa cole\u00e7\u00e3o, mas tamb\u00e9m um desafio, porque trabalhar com upcycling nessa escala exige criar a partir da mat\u00e9ria-prima que chega. Se vamos juntar duas cal\u00e7as jeans, por exemplo, precisamos trabalhar com tamanhos diferentes e ajustar, cortar e costurar cada parte. \u00c9 quase um trabalho artesanal. Por isso, quisemos criar uma etiqueta especial para esse momento t\u00e3o importante e fazer com que as pe\u00e7as fossem numeradas, como itens de colecionador, exclusivos do Rock in Rio&#8221;, afirma Gustavo Silvestre.<\/p>\n\n\n\n<p class=\"wp-block-paragraph\">Do Oscar \u00e0 Cidade do Rock<\/p>\n\n\n\n<p class=\"wp-block-paragraph\">C&A e Gustavo Silvestre apresentam, com a c\u00e1psula, um novo cap\u00edtulo de uma parceria que j\u00e1 levou o denim da marca ao tapete vermelho do Oscar e \u00e0 passarela no MASP. A colabora\u00e7\u00e3o come\u00e7ou em mar\u00e7o, quando Gustavo desconstruiu pe\u00e7as do acervo jeans da C&A para criar o vestido de gala usado por Carol Ribeiro na cerim\u00f4nia do Oscar, e ganhou um novo cap\u00edtulo em agosto, com uma cole\u00e7\u00e3o 100% circular produzida a partir do Movimento ReCiclo e apresentada em desfile no MASP durante as celebra\u00e7\u00f5es dos 50 anos da C&A no Brasil, no \u00faltimo dia 26 de agosto.<\/p>\n\n\n\n<p class=\"wp-block-paragraph\">As pe\u00e7as estar\u00e3o dispon\u00edveis exclusivamente nas lojas da C&A instaladas no festival, durante a Semana Jeans, em edi\u00e7\u00e3o limitada e numerada.<\/p>\n\n\n\n<p class=\"wp-block-paragraph\">Sobre a C&A Brasil &#8211; A C&A \u00e9 uma empresa de moda focada em propor experi\u00eancias que v\u00e3o al\u00e9m do vestir. Fundada em 1841 pelos irm\u00e3os Clemens e August na Holanda, a C&A entende e defende a moda como um dos mais fundamentais canais de conex\u00e3o das pessoas consigo mesmas, com todos \u00e0 sua volta e, por isso, coloca os seus clientes no centro da estrat\u00e9gia. Uma das maiores varejistas de moda do mundo, a C&A chegou ao Brasil em 1976 quando inaugurou a sua primeira loja no shopping Ibirapuera, em S\u00e3o Paulo (SP). Atualmente, a companhia opera em 341 lojas em todo o territ\u00f3rio nacional, al\u00e9m do seu app. Listada na bolsa brasileira (B3) desde outubro de 2019, a C&A \u00e9 pioneira em diversas inova\u00e7\u00f5es em seu segmento a partir da oferta de servi\u00e7os e solu\u00e7\u00f5es digitais e omnicanais, visando ampliar experi\u00eancia on e offline dos seus clientes. Com cerca de 15 mil associados em todo o pa\u00eds e presente na vida de um milh\u00e3o de clientes por dia, a empresa se destaca ainda por oferecer uma moda jovem, inovadora, diversa e inclusiva para mulheres, homens e crian\u00e7as. Te convidamos a conhecer mais sobre a C&A em sala de imprensa.<\/p>\n","protected":false},"excerpt":{"rendered":"<p>Com edi\u00e7\u00e3o limitada de pe\u00e7as numeradas e venda exclusiva na Cidade do Rock, a c\u00e1psula em denim nasce do estoque parado da C&#038;A. A C&#038;A, Look Oficial do Rock In<\/p>\n","protected":false},"author":2,"featured_media":14506,"comment_status":"closed","ping_status":"closed","sticky":false,"template":"","format":"standard","meta":{"footnotes":""},"categories":[1],"tags":[6],"class_list":["post-14505","post","type-post","status-publish","format-standard","has-post-thumbnail","category-sem-categoria","tag-ces21"],"_links":{"self":[{"href":"https:\/\/djsound.com.br\/index.php?rest_route=\/wp\/v2\/posts\/14505","targetHints":{"allow":["GET"]}}],"collection":[{"href":"https:\/\/djsound.com.br\/index.php?rest_route=\/wp\/v2\/posts"}],"about":[{"href":"https:\/\/djsound.com.br\/index.php?rest_route=\/wp\/v2\/types\/post"}],"author":[{"embeddable":true,"href":"https:\/\/djsound.com.br\/index.php?rest_route=\/wp\/v2\/users\/2"}],"replies":[{"embeddable":true,"href":"https:\/\/djsound.com.br\/index.php?rest_route=%2Fwp%2Fv2%2Fcomments&post=14505"}],"version-history":[{"count":1,"href":"https:\/\/djsound.com.br\/index.php?rest_route=\/wp\/v2\/posts\/14505\/revisions"}],"predecessor-version":[{"id":14507,"href":"https:\/\/djsound.com.br\/index.php?rest_route=\/wp\/v2\/posts\/14505\/revisions\/14507"}],"wp:featuredmedia":[{"embeddable":true,"href":"https:\/\/djsound.com.br\/index.php?rest_route=\/wp\/v2\/media\/14506"}],"wp:attachment":[{"href":"https:\/\/djsound.com.br\/index.php?rest_route=%2Fwp%2Fv2%2Fmedia&parent=14505"}],"wp:term":[{"taxonomy":"category","embeddable":true,"href":"https:\/\/djsound.com.br\/index.php?rest_route=%2Fwp%2Fv2%2Fcategories&post=14505"},{"taxonomy":"post_tag","embeddable":true,"href":"https:\/\/djsound.com.br\/index.php?rest_route=%2Fwp%2Fv2%2Ftags&post=14505"}],"curies":[{"name":"wp","href":"https:\/\/api.w.org\/{rel}","templated":true}]}}